{"id":3135,"date":"2023-04-11T11:02:37","date_gmt":"2023-04-11T11:02:37","guid":{"rendered":"https:\/\/www.praxisambahnhof.ch\/blog\/?p=3135"},"modified":"2023-04-11T11:04:17","modified_gmt":"2023-04-11T11:04:17","slug":"ivan-sytnyk","status":"publish","type":"post","link":"https:\/\/www.praxisambahnhof.ch\/blog\/ivan-sytnyk\/","title":{"rendered":"Ivan Sytnyk \u2013 vom ukrainischen Rettungssanit\u00e4ter zum medizinischen Mitarbeiter in R\u00fcti"},"content":{"rendered":"\n<figure class=\"wp-block-image size-large\"><img loading=\"lazy\" decoding=\"async\" width=\"1024\" height=\"757\" src=\"https:\/\/www.praxisambahnhof.ch\/blog\/wp-content\/uploads\/2023\/04\/Ivan-Sytnyk-1024x757.jpg\" alt=\"\" class=\"wp-image-3141\" srcset=\"https:\/\/www.praxisambahnhof.ch\/blog\/wp-content\/uploads\/2023\/04\/Ivan-Sytnyk-1024x757.jpg 1024w, https:\/\/www.praxisambahnhof.ch\/blog\/wp-content\/uploads\/2023\/04\/Ivan-Sytnyk-300x222.jpg 300w, https:\/\/www.praxisambahnhof.ch\/blog\/wp-content\/uploads\/2023\/04\/Ivan-Sytnyk-768x568.jpg 768w, https:\/\/www.praxisambahnhof.ch\/blog\/wp-content\/uploads\/2023\/04\/Ivan-Sytnyk-1536x1135.jpg 1536w, https:\/\/www.praxisambahnhof.ch\/blog\/wp-content\/uploads\/2023\/04\/Ivan-Sytnyk-2048x1514.jpg 2048w, https:\/\/www.praxisambahnhof.ch\/blog\/wp-content\/uploads\/2023\/04\/Ivan-Sytnyk-720x532.jpg 720w\" sizes=\"auto, (max-width: 1024px) 100vw, 1024px\" \/><\/figure>\n\n\n\n<p><strong>Ivan Sytnyk stammt aus der Ukraine und arbeitet bei uns nach erfolgreichem Praktikum als Medizinischer Mitarbeiter. Sein Ziel ist es, einmal Arzt zu werden, er weiss auch schon in welche Fachrichtung es ihn zieht. Die Arbeit in unserer Praxis gef\u00e4llt ihm, weil er viel dazulernt.<\/strong><\/p>\n\n\n\n<h6 class=\"wp-block-heading\">Seit wann bist Du in der Schweiz?<\/h6>\n\n\n\n<p>Seit dem letzten Fr\u00fchling \/ anfangs Sommer, bald ein Jahr.<\/p>\n\n\n\n<h6 class=\"wp-block-heading\">Welchen Beruf hast du in der Ukraine urspr\u00fcnglich gelernt?<\/h6>\n\n\n\n<p>Ich habe Rettungssanit\u00e4ter gelernt und vor allem den Theorieteil absolviert. Als n\u00e4chstes w\u00e4ren die Praktika angestanden aber dann kam der Krieg.<\/p>\n\n\n\n<p>Ich konnte aber hier ein Praktikum als Rettungssanit\u00e4ter beginnen, was mir sehr gefallen hat. Das Team war super und ich habe viel gelernt dabei. Da mein Diplom nicht anerkannt ist hier, musste ich das Praktikum leider nach einem Monat beenden.<\/p>\n\n\n\n<h3 class=\"has-text-align-center wp-block-heading\"><meta charset=\"utf-8\"><meta charset=\"utf-8\"><em>\u00abDas Team gef\u00e4llt mir sehr!\u00bb<\/em><\/h3>\n\n\n\n<h6 class=\"wp-block-heading\">Warum hast Du Dich f\u00fcr diesen Beruf entschieden?<\/h6>\n\n\n\n<p>Ich m\u00f6chte Arzt werden. Damit ich mir das Studium leisten kann, muss ich erst Geld verdienen. Mein Plan war es, zuerst Rettungssanit\u00e4ter zu werden und dann in Deutschland zu arbeiten, um mir Geld zusammen zu sparen. Deshalb habe ich auch in der Ukraine bereits Deutschunterricht genommen.<\/p>\n\n\n\n<h6 class=\"wp-block-heading\">Wie bist Du in die Praxis am Bahnhof gekommen?<\/h6>\n\n\n\n<p>Ich habe in allen Spit\u00e4lern der Umgebung Arbeit als Assistent in der Pflege gesucht, aber ohne Erfolg. Meine Sozialarbeiterin hat das RAV kontaktiert und die Beraterin dort hat mir das Vorstellungsgespr\u00e4ch hier organisiert.<\/p>\n\n\n\n<p>Zuerst habe ich hier ein zweimonatiges Praktikum gemacht und arbeite jetzt in einer Festanstellung.<\/p>\n\n\n\n<h6 class=\"wp-block-heading\">Hast Du Dich gut eingelebt im Land und in unserer Praxis?<\/h6>\n\n\n\n<p>Ja, ich bin froh kann ich hier arbeiten. Das Team ist gut und wenn ich etwas nicht verstehe, erkl\u00e4ren es mir meine Kolleginnen. Sie sind alle sehr nett.<\/p>\n\n\n\n<h6 class=\"wp-block-heading\">Was sind Deine T\u00e4tigkeiten?<\/h6>\n\n\n\n<p>Ich arbeite in der Apotheke, wo ich Medikamente ausbuche oder das Verfallsdatum kontrolliere, ich lege Infusionen, mache Blutentnahmen, helfe im Labor, mache EKGs, assistiere bei kleinen Eingriffen und arbeite am Empfang. Ich erledige also alle T\u00e4tigkeiten einer MPA. Was ich noch nicht mache, ist der Telefondienst, das kommt wenn die Sprache sicherer ist.<\/p>\n\n\n\n<p>Ausserdem \u00fcbersetze ich in Sprechstunden, wenn wir ukrainische Patienten haben.<\/p>\n\n\n\n<h6 class=\"wp-block-heading\">Was gef\u00e4llt Dir an der Arbeit?<\/h6>\n\n\n\n<p>Das Team gef\u00e4llt mir sehr! Ansonsten gef\u00e4llt mir eigentlich jeder T\u00e4tigkeitsbereich weil ich \u00fcberall viel dazu lernen kann und alles interessant finde. Bei den Infusionen kann ich weiter \u00fcben, im Labor lerne ich viel Neues und am Empfang verbessere ich meine Sprache. Bei der Arbeit in der Apotheke lerne ich viel \u00fcber die Medikamente und ihre Zusammensetzung. \u00dcbersetzungen mache ich auch gerne, da ich viel mitbekomme von der Behandlung.<\/p>\n\n\n\n<h3 class=\"has-text-align-center wp-block-heading\"><meta charset=\"utf-8\"><meta charset=\"utf-8\"><em>\u00abMein Ziel ist es Hals-Nasen-Ohren Arzt zu werden.<\/em><meta charset=\"utf-8\"><em>\u00bb<\/em><\/h3>\n\n\n\n<h6 class=\"wp-block-heading\"><strong>Was machst Du in Deiner Freizeit zum Ausgleich?<\/strong><\/h6>\n\n\n\n<p>Ich lerne Deutsch, spiele Klavier, fahre Inline Skates oder treffe mich mit meinen ukrainischen Freunden.<\/p>\n\n\n\n<h6 class=\"wp-block-heading\">Wie siehst Du Deine berufliche Zukunft?<\/h6>\n\n\n\n<p>Mein Ziel ist es Hals-Nasen-Ohren Arzt zu werden. Ich w\u00fcrde gerne in Z\u00fcrich mein Studium der Humanmedizin beginnen, weiss aber noch nicht, ob das m\u00f6glich ist, beziehungsweise ob ich zugelassen werden. Wenn m\u00f6glich, m\u00f6chte ich hier bleiben.<\/p>\n\n\n\n<p>Privat w\u00fcrde ich gerne m\u00f6glichst bald in eine eigene Wohnung ziehen. Ich wohne jetzt mit meiner Mutter und Schwester in einer grossen Wohnung mit anderen Familien zusammen, wo es eher eng ist.<\/p>\n","protected":false},"excerpt":{"rendered":"<p>Ivan Sytnyk stammt aus der Ukraine und arbeitet bei uns nach erfolgreichem Praktikum als Medizinischer Mitarbeiter. Sein Ziel ist es, einmal Arzt zu werden, er weiss auch schon in welche Fachrichtung es ihn zieht. Die Arbeit in unserer Praxis gef\u00e4llt ihm, weil er viel dazulernt. Seit wann bist Du in<\/p>\n","protected":false},"author":2,"featured_media":3141,"comment_status":"closed","ping_status":"closed","sticky":false,"template":"","format":"standard","meta":{"footnotes":""},"categories":[191],"tags":[266,386,361],"projects_api":[343,344,345],"class_list":["post-3135","post","type-post","status-publish","format-standard","has-post-thumbnail","hentry","category-geschichten-aus-der-praxis","tag-arztberuf","tag-medizinische-praxisassistentin","tag-mitarbeitende","projects_api-praxisambahnhof","projects_api-praxisbaech","projects_api-praxisimquartier"],"aioseo_notices":[],"_links":{"self":[{"href":"https:\/\/www.praxisambahnhof.ch\/blog\/wp-json\/wp\/v2\/posts\/3135","targetHints":{"allow":["GET"]}}],"collection":[{"href":"https:\/\/www.praxisambahnhof.ch\/blog\/wp-json\/wp\/v2\/posts"}],"about":[{"href":"https:\/\/www.praxisambahnhof.ch\/blog\/wp-json\/wp\/v2\/types\/post"}],"author":[{"embeddable":true,"href":"https:\/\/www.praxisambahnhof.ch\/blog\/wp-json\/wp\/v2\/users\/2"}],"replies":[{"embeddable":true,"href":"https:\/\/www.praxisambahnhof.ch\/blog\/wp-json\/wp\/v2\/comments?post=3135"}],"version-history":[{"count":5,"href":"https:\/\/www.praxisambahnhof.ch\/blog\/wp-json\/wp\/v2\/posts\/3135\/revisions"}],"predecessor-version":[{"id":3142,"href":"https:\/\/www.praxisambahnhof.ch\/blog\/wp-json\/wp\/v2\/posts\/3135\/revisions\/3142"}],"wp:featuredmedia":[{"embeddable":true,"href":"https:\/\/www.praxisambahnhof.ch\/blog\/wp-json\/wp\/v2\/media\/3141"}],"wp:attachment":[{"href":"https:\/\/www.praxisambahnhof.ch\/blog\/wp-json\/wp\/v2\/media?parent=3135"}],"wp:term":[{"taxonomy":"category","embeddable":true,"href":"https:\/\/www.praxisambahnhof.ch\/blog\/wp-json\/wp\/v2\/categories?post=3135"},{"taxonomy":"post_tag","embeddable":true,"href":"https:\/\/www.praxisambahnhof.ch\/blog\/wp-json\/wp\/v2\/tags?post=3135"},{"taxonomy":"projects_api","embeddable":true,"href":"https:\/\/www.praxisambahnhof.ch\/blog\/wp-json\/wp\/v2\/projects_api?post=3135"}],"curies":[{"name":"wp","href":"https:\/\/api.w.org\/{rel}","templated":true}]}}